{"id":5190,"date":"2026-04-03T12:13:00","date_gmt":"2026-04-03T10:13:00","guid":{"rendered":"https:\/\/canoekayakbretagne.fr\/?p=5190"},"modified":"2026-04-03T12:15:06","modified_gmt":"2026-04-03T10:15:06","slug":"vente-materiel-doccasion","status":"publish","type":"post","link":"https:\/\/canoekayakbretagne.fr\/index.php\/2026\/04\/03\/vente-materiel-doccasion\/","title":{"rendered":"Mat\u00e9riel d&rsquo;occasion"},"content":{"rendered":"<p>A vendre kayak de mer Torda (fabrication Kerlo \/ pr\u00e8s de Vannes).<\/p>\n<p><strong>Description :\u00a0<\/strong><\/p>\n<p>Kayak de mer TORDA en bois, construit en sandwich contreplaqu\u00e9 et stratification polyester, ce qui donne \u00e0 la fois de la l\u00e9g\u00e8ret\u00e9 et de la solidit\u00e9.<br \/>\nId\u00e9al pour les sorties \u00e0 la journ\u00e9e, l&rsquo;initiation et la pratique de l&rsquo;esquimautage groenlandais.<br \/>\nLongueur : 5,25 m<br \/>\nLargeur : 0,52 m<br \/>\nPoids : 17 kg<br \/>\nD\u00e9rive r\u00e9tractable<br \/>\nPetit hiloire, car\u00e8ne \u00e0 bouchains vifs<br \/>\nCale-pieds r\u00e9glables<br \/>\n2 trappes de chargement<br \/>\nRayures (photo ci-dessous) sur la coque<\/p>\n<p><strong>Prix d&rsquo;achat :<\/strong> 3000 euros (avec option d\u00e9rive r\u00e9tractable)<\/p>\n<p><strong>Prix de vente :<\/strong> 2000 \u20ac (+ offre le couvre hiloire et la jupe de marque Reed)<\/p>\n<p>Contact vendeur via le Bon Coin :\u00a0<strong><span style=\"color: #0000ff;\"><a style=\"color: #0000ff;\" href=\"https:\/\/www.leboncoin.fr\/ad\/sport_plein_air\/3099456252\" target=\"_blank\" rel=\"noopener\">Cliquez-ici pour acc\u00e9der \u00e0 l&rsquo;annonce<\/a><\/span><\/strong><\/p>\n<p><img fetchpriority=\"high\" decoding=\"async\" class=\"alignnone size-medium wp-image-7540\" src=\"https:\/\/canoekayakbretagne.fr\/wp-content\/uploads\/2025\/11\/BATEAU-1-300x225.jpg\" alt=\"\" width=\"300\" height=\"225\" srcset=\"https:\/\/canoekayakbretagne.fr\/wp-content\/uploads\/2025\/11\/BATEAU-1-300x225.jpg 300w, https:\/\/canoekayakbretagne.fr\/wp-content\/uploads\/2025\/11\/BATEAU-1-1024x768.jpg 1024w, https:\/\/canoekayakbretagne.fr\/wp-content\/uploads\/2025\/11\/BATEAU-1-768x576.jpg 768w, https:\/\/canoekayakbretagne.fr\/wp-content\/uploads\/2025\/11\/BATEAU-1-600x450.jpg 600w, https:\/\/canoekayakbretagne.fr\/wp-content\/uploads\/2025\/11\/BATEAU-1.jpg 1067w\" sizes=\"(max-width: 300px) 100vw, 300px\" \/> <img decoding=\"async\" class=\"alignnone size-medium wp-image-7541\" src=\"https:\/\/canoekayakbretagne.fr\/wp-content\/uploads\/2025\/11\/BATEAU-2-300x225.jpg\" alt=\"\" width=\"300\" height=\"225\" srcset=\"https:\/\/canoekayakbretagne.fr\/wp-content\/uploads\/2025\/11\/BATEAU-2-300x225.jpg 300w, https:\/\/canoekayakbretagne.fr\/wp-content\/uploads\/2025\/11\/BATEAU-2-1024x768.jpg 1024w, https:\/\/canoekayakbretagne.fr\/wp-content\/uploads\/2025\/11\/BATEAU-2-768x576.jpg 768w, https:\/\/canoekayakbretagne.fr\/wp-content\/uploads\/2025\/11\/BATEAU-2-600x450.jpg 600w, https:\/\/canoekayakbretagne.fr\/wp-content\/uploads\/2025\/11\/BATEAU-2.jpg 1067w\" sizes=\"(max-width: 300px) 100vw, 300px\" \/><\/p>\n<p style=\"text-align: right;\"><em>Publi\u00e9e le 03.04.2026<\/em><\/p>\n","protected":false},"excerpt":{"rendered":"<p>A vendre kayak de mer Torda (fabrication Kerlo \/ pr\u00e8s de Vannes). Description :\u00a0 Kayak de mer TORDA en bois,<\/p>\n","protected":false},"author":2,"featured_media":0,"comment_status":"open","ping_status":"open","sticky":false,"template":"","format":"standard","meta":{"colormag_page_container_layout":"default_layout","colormag_page_sidebar_layout":"default_layout","footnotes":""},"categories":[113],"tags":[],"class_list":["post-5190","post","type-post","status-publish","format-standard","hentry","category-annonces-de-materiel"],"yoast_head":"<!-- This site is optimized with the Yoast SEO plugin v27.2 - https:\/\/yoast.com\/product\/yoast-seo-wordpress\/ -->\n<title>Mat\u00e9riel d&#039;occasion - Comit\u00e9 R\u00e9gional de Bretagne de Cano\u00eb-Kayak - CRBCK<\/title>\n<meta name=\"robots\" content=\"index, follow, max-snippet:-1, max-image-preview:large, max-video-preview:-1\" \/>\n<link rel=\"canonical\" href=\"https:\/\/canoekayakbretagne.fr\/index.php\/2026\/04\/03\/vente-materiel-doccasion\/\" \/>\n<meta property=\"og:locale\" content=\"fr_FR\" \/>\n<meta property=\"og:type\" content=\"article\" \/>\n<meta property=\"og:title\" content=\"Mat\u00e9riel d&#039;occasion - Comit\u00e9 R\u00e9gional de Bretagne de Cano\u00eb-Kayak - CRBCK\" \/>\n<meta property=\"og:description\" content=\"A vendre kayak de mer Torda (fabrication Kerlo \/ pr\u00e8s de Vannes). Description :\u00a0 Kayak de mer TORDA en bois,\" \/>\n<meta property=\"og:url\" content=\"https:\/\/canoekayakbretagne.fr\/index.php\/2026\/04\/03\/vente-materiel-doccasion\/\" \/>\n<meta property=\"og:site_name\" content=\"Comit\u00e9 R\u00e9gional de Bretagne de Cano\u00eb-Kayak - CRBCK\" \/>\n<meta property=\"article:published_time\" content=\"2026-04-03T10:13:00+00:00\" \/>\n<meta property=\"article:modified_time\" content=\"2026-04-03T10:15:06+00:00\" \/>\n<meta property=\"og:image\" content=\"https:\/\/canoekayakbretagne.fr\/wp-content\/uploads\/2025\/11\/BATEAU-1-300x225.jpg\" \/>\n<meta name=\"author\" content=\"crbck-admin\" \/>\n<meta name=\"twitter:card\" content=\"summary_large_image\" \/>\n<meta name=\"twitter:label1\" content=\"\u00c9crit par\" \/>\n\t<meta name=\"twitter:data1\" content=\"crbck-admin\" \/>\n\t<meta name=\"twitter:label2\" content=\"Dur\u00e9e de lecture estim\u00e9e\" \/>\n\t<meta name=\"twitter:data2\" content=\"2 minutes\" \/>\n<script type=\"application\/ld+json\" class=\"yoast-schema-graph\">{\"@context\":\"https:\/\/schema.org\",\"@graph\":[{\"@type\":\"Article\",\"@id\":\"https:\/\/canoekayakbretagne.fr\/index.php\/2026\/04\/03\/vente-materiel-doccasion\/#article\",\"isPartOf\":{\"@id\":\"https:\/\/canoekayakbretagne.fr\/index.php\/2026\/04\/03\/vente-materiel-doccasion\/\"},\"author\":{\"name\":\"crbck-admin\",\"@id\":\"https:\/\/canoekayakbretagne.fr\/#\/schema\/person\/fcf0d85f9eef0c443d2296a158592d19\"},\"headline\":\"Mat\u00e9riel d&rsquo;occasion\",\"datePublished\":\"2026-04-03T10:13:00+00:00\",\"dateModified\":\"2026-04-03T10:15:06+00:00\",\"mainEntityOfPage\":{\"@id\":\"https:\/\/canoekayakbretagne.fr\/index.php\/2026\/04\/03\/vente-materiel-doccasion\/\"},\"wordCount\":127,\"commentCount\":0,\"publisher\":{\"@id\":\"https:\/\/canoekayakbretagne.fr\/#organization\"},\"image\":{\"@id\":\"https:\/\/canoekayakbretagne.fr\/index.php\/2026\/04\/03\/vente-materiel-doccasion\/#primaryimage\"},\"thumbnailUrl\":\"https:\/\/canoekayakbretagne.fr\/wp-content\/uploads\/2025\/11\/BATEAU-1-300x225.jpg\",\"articleSection\":[\"Annonces de mat\u00e9riel\"],\"inLanguage\":\"fr-FR\",\"potentialAction\":[{\"@type\":\"CommentAction\",\"name\":\"Comment\",\"target\":[\"https:\/\/canoekayakbretagne.fr\/index.php\/2026\/04\/03\/vente-materiel-doccasion\/#respond\"]}]},{\"@type\":\"WebPage\",\"@id\":\"https:\/\/canoekayakbretagne.fr\/index.php\/2026\/04\/03\/vente-materiel-doccasion\/\",\"url\":\"https:\/\/canoekayakbretagne.fr\/index.php\/2026\/04\/03\/vente-materiel-doccasion\/\",\"name\":\"Mat\u00e9riel d'occasion - Comit\u00e9 R\u00e9gional de Bretagne de Cano\u00eb-Kayak - CRBCK\",\"isPartOf\":{\"@id\":\"https:\/\/canoekayakbretagne.fr\/#website\"},\"primaryImageOfPage\":{\"@id\":\"https:\/\/canoekayakbretagne.fr\/index.php\/2026\/04\/03\/vente-materiel-doccasion\/#primaryimage\"},\"image\":{\"@id\":\"https:\/\/canoekayakbretagne.fr\/index.php\/2026\/04\/03\/vente-materiel-doccasion\/#primaryimage\"},\"thumbnailUrl\":\"https:\/\/canoekayakbretagne.fr\/wp-content\/uploads\/2025\/11\/BATEAU-1-300x225.jpg\",\"datePublished\":\"2026-04-03T10:13:00+00:00\",\"dateModified\":\"2026-04-03T10:15:06+00:00\",\"breadcrumb\":{\"@id\":\"https:\/\/canoekayakbretagne.fr\/index.php\/2026\/04\/03\/vente-materiel-doccasion\/#breadcrumb\"},\"inLanguage\":\"fr-FR\",\"potentialAction\":[{\"@type\":\"ReadAction\",\"target\":[\"https:\/\/canoekayakbretagne.fr\/index.php\/2026\/04\/03\/vente-materiel-doccasion\/\"]}]},{\"@type\":\"ImageObject\",\"inLanguage\":\"fr-FR\",\"@id\":\"https:\/\/canoekayakbretagne.fr\/index.php\/2026\/04\/03\/vente-materiel-doccasion\/#primaryimage\",\"url\":\"https:\/\/canoekayakbretagne.fr\/wp-content\/uploads\/2025\/11\/BATEAU-1.jpg\",\"contentUrl\":\"https:\/\/canoekayakbretagne.fr\/wp-content\/uploads\/2025\/11\/BATEAU-1.jpg\",\"width\":1067,\"height\":800},{\"@type\":\"BreadcrumbList\",\"@id\":\"https:\/\/canoekayakbretagne.fr\/index.php\/2026\/04\/03\/vente-materiel-doccasion\/#breadcrumb\",\"itemListElement\":[{\"@type\":\"ListItem\",\"position\":1,\"name\":\"Accueil\",\"item\":\"https:\/\/canoekayakbretagne.fr\/\"},{\"@type\":\"ListItem\",\"position\":2,\"name\":\"Mat\u00e9riel d&rsquo;occasion\"}]},{\"@type\":\"WebSite\",\"@id\":\"https:\/\/canoekayakbretagne.fr\/#website\",\"url\":\"https:\/\/canoekayakbretagne.fr\/\",\"name\":\"Comit\u00e9 R\u00e9gional de Bretagne de Cano\u00eb-Kayak - CRBCK\",\"description\":\"&quot;Les sports de pagaie, partout o\u00f9 il y a de l\u2019eau.&quot;\",\"publisher\":{\"@id\":\"https:\/\/canoekayakbretagne.fr\/#organization\"},\"potentialAction\":[{\"@type\":\"SearchAction\",\"target\":{\"@type\":\"EntryPoint\",\"urlTemplate\":\"https:\/\/canoekayakbretagne.fr\/?s={search_term_string}\"},\"query-input\":{\"@type\":\"PropertyValueSpecification\",\"valueRequired\":true,\"valueName\":\"search_term_string\"}}],\"inLanguage\":\"fr-FR\"},{\"@type\":\"Organization\",\"@id\":\"https:\/\/canoekayakbretagne.fr\/#organization\",\"name\":\"Comit\u00e9 R\u00e9gional de Bretagne de Cano\u00eb-Kayak - CRBCK\",\"url\":\"https:\/\/canoekayakbretagne.fr\/\",\"logo\":{\"@type\":\"ImageObject\",\"inLanguage\":\"fr-FR\",\"@id\":\"https:\/\/canoekayakbretagne.fr\/#\/schema\/logo\/image\/\",\"url\":\"https:\/\/canoekayakbretagne.fr\/wp-content\/uploads\/2022\/01\/cropped-LOGO_BRETAGNE_300x300.jpg\",\"contentUrl\":\"https:\/\/canoekayakbretagne.fr\/wp-content\/uploads\/2022\/01\/cropped-LOGO_BRETAGNE_300x300.jpg\",\"width\":300,\"height\":300,\"caption\":\"Comit\u00e9 R\u00e9gional de Bretagne de Cano\u00eb-Kayak - CRBCK\"},\"image\":{\"@id\":\"https:\/\/canoekayakbretagne.fr\/#\/schema\/logo\/image\/\"}},{\"@type\":\"Person\",\"@id\":\"https:\/\/canoekayakbretagne.fr\/#\/schema\/person\/fcf0d85f9eef0c443d2296a158592d19\",\"name\":\"crbck-admin\",\"image\":{\"@type\":\"ImageObject\",\"inLanguage\":\"fr-FR\",\"@id\":\"https:\/\/secure.gravatar.com\/avatar\/220ab290f4ae2c25509716868112ac9ae168474076bc0fba5205479667fb07a5?s=96&d=mm&r=g\",\"url\":\"https:\/\/secure.gravatar.com\/avatar\/220ab290f4ae2c25509716868112ac9ae168474076bc0fba5205479667fb07a5?s=96&d=mm&r=g\",\"contentUrl\":\"https:\/\/secure.gravatar.com\/avatar\/220ab290f4ae2c25509716868112ac9ae168474076bc0fba5205479667fb07a5?s=96&d=mm&r=g\",\"caption\":\"crbck-admin\"},\"url\":\"https:\/\/canoekayakbretagne.fr\/index.php\/author\/crbck-admin\/\"}]}<\/script>\n<!-- \/ Yoast SEO plugin. -->","yoast_head_json":{"title":"Mat\u00e9riel d'occasion - Comit\u00e9 R\u00e9gional de Bretagne de Cano\u00eb-Kayak - CRBCK","robots":{"index":"index","follow":"follow","max-snippet":"max-snippet:-1","max-image-preview":"max-image-preview:large","max-video-preview":"max-video-preview:-1"},"canonical":"https:\/\/canoekayakbretagne.fr\/index.php\/2026\/04\/03\/vente-materiel-doccasion\/","og_locale":"fr_FR","og_type":"article","og_title":"Mat\u00e9riel d'occasion - Comit\u00e9 R\u00e9gional de Bretagne de Cano\u00eb-Kayak - CRBCK","og_description":"A vendre kayak de mer Torda (fabrication Kerlo \/ pr\u00e8s de Vannes). Description :\u00a0 Kayak de mer TORDA en bois,","og_url":"https:\/\/canoekayakbretagne.fr\/index.php\/2026\/04\/03\/vente-materiel-doccasion\/","og_site_name":"Comit\u00e9 R\u00e9gional de Bretagne de Cano\u00eb-Kayak - CRBCK","article_published_time":"2026-04-03T10:13:00+00:00","article_modified_time":"2026-04-03T10:15:06+00:00","og_image":[{"url":"https:\/\/canoekayakbretagne.fr\/wp-content\/uploads\/2025\/11\/BATEAU-1-300x225.jpg","type":"","width":"","height":""}],"author":"crbck-admin","twitter_card":"summary_large_image","twitter_misc":{"\u00c9crit par":"crbck-admin","Dur\u00e9e de lecture estim\u00e9e":"2 minutes"},"schema":{"@context":"https:\/\/schema.org","@graph":[{"@type":"Article","@id":"https:\/\/canoekayakbretagne.fr\/index.php\/2026\/04\/03\/vente-materiel-doccasion\/#article","isPartOf":{"@id":"https:\/\/canoekayakbretagne.fr\/index.php\/2026\/04\/03\/vente-materiel-doccasion\/"},"author":{"name":"crbck-admin","@id":"https:\/\/canoekayakbretagne.fr\/#\/schema\/person\/fcf0d85f9eef0c443d2296a158592d19"},"headline":"Mat\u00e9riel d&rsquo;occasion","datePublished":"2026-04-03T10:13:00+00:00","dateModified":"2026-04-03T10:15:06+00:00","mainEntityOfPage":{"@id":"https:\/\/canoekayakbretagne.fr\/index.php\/2026\/04\/03\/vente-materiel-doccasion\/"},"wordCount":127,"commentCount":0,"publisher":{"@id":"https:\/\/canoekayakbretagne.fr\/#organization"},"image":{"@id":"https:\/\/canoekayakbretagne.fr\/index.php\/2026\/04\/03\/vente-materiel-doccasion\/#primaryimage"},"thumbnailUrl":"https:\/\/canoekayakbretagne.fr\/wp-content\/uploads\/2025\/11\/BATEAU-1-300x225.jpg","articleSection":["Annonces de mat\u00e9riel"],"inLanguage":"fr-FR","potentialAction":[{"@type":"CommentAction","name":"Comment","target":["https:\/\/canoekayakbretagne.fr\/index.php\/2026\/04\/03\/vente-materiel-doccasion\/#respond"]}]},{"@type":"WebPage","@id":"https:\/\/canoekayakbretagne.fr\/index.php\/2026\/04\/03\/vente-materiel-doccasion\/","url":"https:\/\/canoekayakbretagne.fr\/index.php\/2026\/04\/03\/vente-materiel-doccasion\/","name":"Mat\u00e9riel d'occasion - Comit\u00e9 R\u00e9gional de Bretagne de Cano\u00eb-Kayak - CRBCK","isPartOf":{"@id":"https:\/\/canoekayakbretagne.fr\/#website"},"primaryImageOfPage":{"@id":"https:\/\/canoekayakbretagne.fr\/index.php\/2026\/04\/03\/vente-materiel-doccasion\/#primaryimage"},"image":{"@id":"https:\/\/canoekayakbretagne.fr\/index.php\/2026\/04\/03\/vente-materiel-doccasion\/#primaryimage"},"thumbnailUrl":"https:\/\/canoekayakbretagne.fr\/wp-content\/uploads\/2025\/11\/BATEAU-1-300x225.jpg","datePublished":"2026-04-03T10:13:00+00:00","dateModified":"2026-04-03T10:15:06+00:00","breadcrumb":{"@id":"https:\/\/canoekayakbretagne.fr\/index.php\/2026\/04\/03\/vente-materiel-doccasion\/#breadcrumb"},"inLanguage":"fr-FR","potentialAction":[{"@type":"ReadAction","target":["https:\/\/canoekayakbretagne.fr\/index.php\/2026\/04\/03\/vente-materiel-doccasion\/"]}]},{"@type":"ImageObject","inLanguage":"fr-FR","@id":"https:\/\/canoekayakbretagne.fr\/index.php\/2026\/04\/03\/vente-materiel-doccasion\/#primaryimage","url":"https:\/\/canoekayakbretagne.fr\/wp-content\/uploads\/2025\/11\/BATEAU-1.jpg","contentUrl":"https:\/\/canoekayakbretagne.fr\/wp-content\/uploads\/2025\/11\/BATEAU-1.jpg","width":1067,"height":800},{"@type":"BreadcrumbList","@id":"https:\/\/canoekayakbretagne.fr\/index.php\/2026\/04\/03\/vente-materiel-doccasion\/#breadcrumb","itemListElement":[{"@type":"ListItem","position":1,"name":"Accueil","item":"https:\/\/canoekayakbretagne.fr\/"},{"@type":"ListItem","position":2,"name":"Mat\u00e9riel d&rsquo;occasion"}]},{"@type":"WebSite","@id":"https:\/\/canoekayakbretagne.fr\/#website","url":"https:\/\/canoekayakbretagne.fr\/","name":"Comit\u00e9 R\u00e9gional de Bretagne de Cano\u00eb-Kayak - CRBCK","description":"&quot;Les sports de pagaie, partout o\u00f9 il y a de l\u2019eau.&quot;","publisher":{"@id":"https:\/\/canoekayakbretagne.fr\/#organization"},"potentialAction":[{"@type":"SearchAction","target":{"@type":"EntryPoint","urlTemplate":"https:\/\/canoekayakbretagne.fr\/?s={search_term_string}"},"query-input":{"@type":"PropertyValueSpecification","valueRequired":true,"valueName":"search_term_string"}}],"inLanguage":"fr-FR"},{"@type":"Organization","@id":"https:\/\/canoekayakbretagne.fr\/#organization","name":"Comit\u00e9 R\u00e9gional de Bretagne de Cano\u00eb-Kayak - CRBCK","url":"https:\/\/canoekayakbretagne.fr\/","logo":{"@type":"ImageObject","inLanguage":"fr-FR","@id":"https:\/\/canoekayakbretagne.fr\/#\/schema\/logo\/image\/","url":"https:\/\/canoekayakbretagne.fr\/wp-content\/uploads\/2022\/01\/cropped-LOGO_BRETAGNE_300x300.jpg","contentUrl":"https:\/\/canoekayakbretagne.fr\/wp-content\/uploads\/2022\/01\/cropped-LOGO_BRETAGNE_300x300.jpg","width":300,"height":300,"caption":"Comit\u00e9 R\u00e9gional de Bretagne de Cano\u00eb-Kayak - CRBCK"},"image":{"@id":"https:\/\/canoekayakbretagne.fr\/#\/schema\/logo\/image\/"}},{"@type":"Person","@id":"https:\/\/canoekayakbretagne.fr\/#\/schema\/person\/fcf0d85f9eef0c443d2296a158592d19","name":"crbck-admin","image":{"@type":"ImageObject","inLanguage":"fr-FR","@id":"https:\/\/secure.gravatar.com\/avatar\/220ab290f4ae2c25509716868112ac9ae168474076bc0fba5205479667fb07a5?s=96&d=mm&r=g","url":"https:\/\/secure.gravatar.com\/avatar\/220ab290f4ae2c25509716868112ac9ae168474076bc0fba5205479667fb07a5?s=96&d=mm&r=g","contentUrl":"https:\/\/secure.gravatar.com\/avatar\/220ab290f4ae2c25509716868112ac9ae168474076bc0fba5205479667fb07a5?s=96&d=mm&r=g","caption":"crbck-admin"},"url":"https:\/\/canoekayakbretagne.fr\/index.php\/author\/crbck-admin\/"}]}},"jetpack_featured_media_url":"","_links":{"self":[{"href":"https:\/\/canoekayakbretagne.fr\/index.php\/wp-json\/wp\/v2\/posts\/5190","targetHints":{"allow":["GET"]}}],"collection":[{"href":"https:\/\/canoekayakbretagne.fr\/index.php\/wp-json\/wp\/v2\/posts"}],"about":[{"href":"https:\/\/canoekayakbretagne.fr\/index.php\/wp-json\/wp\/v2\/types\/post"}],"author":[{"embeddable":true,"href":"https:\/\/canoekayakbretagne.fr\/index.php\/wp-json\/wp\/v2\/users\/2"}],"replies":[{"embeddable":true,"href":"https:\/\/canoekayakbretagne.fr\/index.php\/wp-json\/wp\/v2\/comments?post=5190"}],"version-history":[{"count":9,"href":"https:\/\/canoekayakbretagne.fr\/index.php\/wp-json\/wp\/v2\/posts\/5190\/revisions"}],"predecessor-version":[{"id":7544,"href":"https:\/\/canoekayakbretagne.fr\/index.php\/wp-json\/wp\/v2\/posts\/5190\/revisions\/7544"}],"wp:attachment":[{"href":"https:\/\/canoekayakbretagne.fr\/index.php\/wp-json\/wp\/v2\/media?parent=5190"}],"wp:term":[{"taxonomy":"category","embeddable":true,"href":"https:\/\/canoekayakbretagne.fr\/index.php\/wp-json\/wp\/v2\/categories?post=5190"},{"taxonomy":"post_tag","embeddable":true,"href":"https:\/\/canoekayakbretagne.fr\/index.php\/wp-json\/wp\/v2\/tags?post=5190"}],"curies":[{"name":"wp","href":"https:\/\/api.w.org\/{rel}","templated":true}]}}