{"id":6732,"date":"2025-09-08T16:31:14","date_gmt":"2025-09-08T14:31:14","guid":{"rendered":"https:\/\/canoekayakbretagne.fr\/?p=6732"},"modified":"2026-04-21T22:45:43","modified_gmt":"2026-04-21T20:45:43","slug":"elementor-6732","status":"publish","type":"post","link":"https:\/\/canoekayakbretagne.fr\/index.php\/2025\/09\/08\/elementor-6732\/","title":{"rendered":"Tous dans le m\u00eame bateau contre les VSS : je parle, j&rsquo;agis !!!"},"content":{"rendered":"\t\t<div data-elementor-type=\"wp-post\" data-elementor-id=\"6732\" class=\"elementor elementor-6732\">\n\t\t\t\t\t\t<section class=\"elementor-section elementor-top-section elementor-element elementor-element-3a5412e elementor-section-boxed elementor-section-height-default elementor-section-height-default\" data-id=\"3a5412e\" data-element_type=\"section\" data-e-type=\"section\">\n\t\t\t\t\t\t<div class=\"elementor-container elementor-column-gap-default\">\n\t\t\t\t\t<div class=\"elementor-column elementor-col-100 elementor-top-column elementor-element elementor-element-e7cc0d4\" data-id=\"e7cc0d4\" data-element_type=\"column\" data-e-type=\"column\">\n\t\t\t<div class=\"elementor-widget-wrap elementor-element-populated\">\n\t\t\t\t\t\t<div class=\"elementor-element elementor-element-eb960a2 elementor-widget elementor-widget-text-editor\" data-id=\"eb960a2\" data-element_type=\"widget\" data-e-type=\"widget\" data-widget_type=\"text-editor.default\">\n\t\t\t\t<div class=\"elementor-widget-container\">\n\t\t\t\t\t\t\t\t\t<p>\u00c0 l\u2019heure o\u00f9 s\u2019ouvre une nouvelle saison sportive, le <strong>Comit\u00e9 R\u00e9gional de Bretagne de Cano\u00eb-Kayak (CRBCK)<\/strong> tient \u00e0 vous adresser ses v\u0153ux les plus chaleureux pour une <strong>rentr\u00e9e associative pleine d\u2019\u00e9nergie et de projets<\/strong>.\u00a0<\/p><p>Plus que jamais, le CRBCK est \u00e0 vos c\u00f4t\u00e9s : pour accompagner les clubs dans leurs initiatives, soutenir les formations, valoriser les manifestations et offrir des stages et rencontres qui rythment la vie de nos pratiquantes et pratiquants. Avec les Comit\u00e9s D\u00e9partementaux et les commissions r\u00e9gionales d\u2019activit\u00e9 nous proposons un calendrier diversifi\u00e9 de comp\u00e9titions, d\u2019animations et de stages, avec une attention particuli\u00e8re port\u00e9e \u00e0 la jeunesse, v\u00e9ritable moteur de notre avenir commun.\u00a0<\/p><p>En tant qu\u2019instance d\u00e9concentr\u00e9e de la <strong>F\u00e9d\u00e9ration Fran\u00e7aise de Cano\u00eb Kayak (FFCK)<\/strong>, le CRBCK s\u2019inscrit pleinement dans la dynamique de l\u2019olympiade \u00e0 venir. Ensemble, nous construisons un <strong>projet de d\u00e9veloppement responsable, engag\u00e9 et tourn\u00e9 vers l\u2019avenir<\/strong>, qui place au c\u0153ur de son action :\u00a0<\/p><ul><li>les enjeux de soci\u00e9t\u00e9 pour une pratique durable,\u00a0<\/li><li>la richesse de toutes nos disciplines,\u00a0<\/li><li>et l\u2019ouverture \u00e0 <strong>tous les publics<\/strong>.\u00a0<\/li><\/ul><p>Cette rentr\u00e9e est \u00e9galement l\u2019occasion de rappeler notre d\u00e9termination \u00e0 lutter contre toutes les formes de <strong>violences sexistes et sexuelles<\/strong>. Vous allez recevoir par courrier <span style=\"color: #000080;\"><strong><a style=\"color: #000080;\" href=\"https:\/\/canoekayakbretagne.fr\/wp-content\/uploads\/2025\/09\/FormatA4-TOUS-DANS-LE-MEME-BATEAU-CONTRE-LES-VSS-JE-PARLE-J-AGIS.pdf\" target=\"_blank\" rel=\"noopener\">l\u2019affiche ci-jointe<\/a> <\/strong><\/span>et vous trouverez<span style=\"color: #000080;\"><strong> <a style=\"color: #000080;\" href=\"https:\/\/canoekayakbretagne.fr\/wp-content\/uploads\/2025\/09\/Notice-explicative-TOUS-DANS-LE-MEME-BATEAU-CONTRE-LES-VSS-JE-PARLE-J-AGIS.pdf\" target=\"_blank\" rel=\"noopener\">la notice d&rsquo;accompagnement<\/a><\/strong><\/span> envoy\u00e9e par mail \u00e0 chacun des clubs. Cette campagne de communication illustre une nouvelle \u00e9tape de notre mobilisation, avec <strong>10 actions concr\u00e8tes<\/strong>\u00a0pour renforcer la pr\u00e9vention, garantir la s\u00e9curit\u00e9 et renforcer la confiance dans nos structures, aupr\u00e8s des pratiquant(e)s, des b\u00e9n\u00e9voles, cadres, parents et dirigeant(e)s.<\/p><p>Le CRBCK salue le <strong>travail remarquable r\u00e9alis\u00e9 au quotidien<\/strong> par les clubs, les comit\u00e9s d\u00e9partementaux, les b\u00e9n\u00e9voles, les \u00e9ducateurs et les dirigeants, qui font vivre et rayonner notre sport en Bretagne.\u00a0<\/p><p>Ensemble dans le m\u00eame bateau, continuons \u00e0 partager nos valeurs, \u00e0 cultiver notre passion.\u00a0<\/p><p>Ensemble dans le m\u00eame bateau, je vous souhaite \u00e0 toutes et tous une <strong>belle rentr\u00e9e sportive<\/strong> !\u00a0<\/p><table><tbody><tr><td width=\"525\"><p><strong>Karine CAIVEAU <\/strong><\/p><\/td><td width=\"572\" data-editing-info=\"{&quot;borderOverride&quot;:true,&quot;vAlignOverride&quot;:true}\"><p><strong>Yanna\u00efck VANDAMME<\/strong><\/p><\/td><td width=\"525\" data-editing-info=\"{&quot;borderOverride&quot;:true,&quot;vAlignOverride&quot;:true}\"><p><strong>Corentin MENOU<\/strong>\u00a0<\/p><\/td><\/tr><tr><td width=\"525\"><p>Secr\u00e9taire G\u00e9n\u00e9rale du CRBCK et \u00e9lue r\u00e9f\u00e9rente VSS au CRBCK \u00a0<\/p><\/td><td width=\"572\" data-editing-info=\"{&quot;borderOverride&quot;:true,&quot;vAlignOverride&quot;:true}\"><p><em>Pr\u00e9sidente Commission Nationale de Pr\u00e9vention des VSS et membre du CA de la FFCK\u00a0<\/em><\/p><p><em>Charg\u00e9e de mission VSS pour le CRBCK<\/em><\/p><\/td><td width=\"525\" data-editing-info=\"{&quot;borderOverride&quot;:true,&quot;vAlignOverride&quot;:true}\"><p>Pr\u00e9sident du CRBCK<br \/>Membre du CA de la FFCK<\/p><\/td><\/tr><\/tbody><\/table>\t\t\t\t\t\t\t\t<\/div>\n\t\t\t\t<\/div>\n\t\t\t\t\t<\/div>\n\t\t<\/div>\n\t\t\t\t\t<\/div>\n\t\t<\/section>\n\t\t\t\t<\/div>\n\t\t","protected":false},"excerpt":{"rendered":"<p>\u00c0 l\u2019heure o\u00f9 s\u2019ouvre une nouvelle saison sportive, le Comit\u00e9 R\u00e9gional de Bretagne de Cano\u00eb-Kayak (CRBCK) tient \u00e0 vous adresser<\/p>\n","protected":false},"author":2,"featured_media":0,"comment_status":"closed","ping_status":"closed","sticky":false,"template":"","format":"standard","meta":{"colormag_page_container_layout":"default_layout","colormag_page_sidebar_layout":"default_layout","footnotes":""},"categories":[57,52],"tags":[],"class_list":["post-6732","post","type-post","status-publish","format-standard","hentry","category-actualites-du-crbck","category-stop-violence"],"yoast_head":"<!-- This site is optimized with the Yoast SEO plugin v27.2 - https:\/\/yoast.com\/product\/yoast-seo-wordpress\/ -->\n<title>Tous dans le m\u00eame bateau contre les VSS : je parle, j&#039;agis !!! - Comit\u00e9 R\u00e9gional de Bretagne de Cano\u00eb-Kayak - CRBCK<\/title>\n<meta name=\"robots\" content=\"index, follow, max-snippet:-1, max-image-preview:large, max-video-preview:-1\" \/>\n<link rel=\"canonical\" href=\"https:\/\/canoekayakbretagne.fr\/index.php\/2025\/09\/08\/elementor-6732\/\" \/>\n<meta property=\"og:locale\" content=\"fr_FR\" \/>\n<meta property=\"og:type\" content=\"article\" \/>\n<meta property=\"og:title\" content=\"Tous dans le m\u00eame bateau contre les VSS : je parle, j&#039;agis !!! - Comit\u00e9 R\u00e9gional de Bretagne de Cano\u00eb-Kayak - CRBCK\" \/>\n<meta property=\"og:description\" content=\"\u00c0 l\u2019heure o\u00f9 s\u2019ouvre une nouvelle saison sportive, le Comit\u00e9 R\u00e9gional de Bretagne de Cano\u00eb-Kayak (CRBCK) tient \u00e0 vous adresser\" \/>\n<meta property=\"og:url\" content=\"https:\/\/canoekayakbretagne.fr\/index.php\/2025\/09\/08\/elementor-6732\/\" \/>\n<meta property=\"og:site_name\" content=\"Comit\u00e9 R\u00e9gional de Bretagne de Cano\u00eb-Kayak - CRBCK\" \/>\n<meta property=\"article:published_time\" content=\"2025-09-08T14:31:14+00:00\" \/>\n<meta property=\"article:modified_time\" content=\"2026-04-21T20:45:43+00:00\" \/>\n<meta name=\"author\" content=\"crbck-admin\" \/>\n<meta name=\"twitter:card\" content=\"summary_large_image\" \/>\n<meta name=\"twitter:label1\" content=\"\u00c9crit par\" \/>\n\t<meta name=\"twitter:data1\" content=\"crbck-admin\" \/>\n\t<meta name=\"twitter:label2\" content=\"Dur\u00e9e de lecture estim\u00e9e\" \/>\n\t<meta name=\"twitter:data2\" content=\"2 minutes\" \/>\n<script type=\"application\/ld+json\" class=\"yoast-schema-graph\">{\"@context\":\"https:\/\/schema.org\",\"@graph\":[{\"@type\":\"Article\",\"@id\":\"https:\/\/canoekayakbretagne.fr\/index.php\/2025\/09\/08\/elementor-6732\/#article\",\"isPartOf\":{\"@id\":\"https:\/\/canoekayakbretagne.fr\/index.php\/2025\/09\/08\/elementor-6732\/\"},\"author\":{\"name\":\"crbck-admin\",\"@id\":\"https:\/\/canoekayakbretagne.fr\/#\/schema\/person\/fcf0d85f9eef0c443d2296a158592d19\"},\"headline\":\"Tous dans le m\u00eame bateau contre les VSS : je parle, j&rsquo;agis !!!\",\"datePublished\":\"2025-09-08T14:31:14+00:00\",\"dateModified\":\"2026-04-21T20:45:43+00:00\",\"mainEntityOfPage\":{\"@id\":\"https:\/\/canoekayakbretagne.fr\/index.php\/2025\/09\/08\/elementor-6732\/\"},\"wordCount\":418,\"publisher\":{\"@id\":\"https:\/\/canoekayakbretagne.fr\/#organization\"},\"articleSection\":[\"Actualit\u00e9s du CRBCK\",\"Stop violence\"],\"inLanguage\":\"fr-FR\"},{\"@type\":\"WebPage\",\"@id\":\"https:\/\/canoekayakbretagne.fr\/index.php\/2025\/09\/08\/elementor-6732\/\",\"url\":\"https:\/\/canoekayakbretagne.fr\/index.php\/2025\/09\/08\/elementor-6732\/\",\"name\":\"Tous dans le m\u00eame bateau contre les VSS : je parle, j'agis !!! - Comit\u00e9 R\u00e9gional de Bretagne de Cano\u00eb-Kayak - CRBCK\",\"isPartOf\":{\"@id\":\"https:\/\/canoekayakbretagne.fr\/#website\"},\"datePublished\":\"2025-09-08T14:31:14+00:00\",\"dateModified\":\"2026-04-21T20:45:43+00:00\",\"breadcrumb\":{\"@id\":\"https:\/\/canoekayakbretagne.fr\/index.php\/2025\/09\/08\/elementor-6732\/#breadcrumb\"},\"inLanguage\":\"fr-FR\",\"potentialAction\":[{\"@type\":\"ReadAction\",\"target\":[\"https:\/\/canoekayakbretagne.fr\/index.php\/2025\/09\/08\/elementor-6732\/\"]}]},{\"@type\":\"BreadcrumbList\",\"@id\":\"https:\/\/canoekayakbretagne.fr\/index.php\/2025\/09\/08\/elementor-6732\/#breadcrumb\",\"itemListElement\":[{\"@type\":\"ListItem\",\"position\":1,\"name\":\"Accueil\",\"item\":\"https:\/\/canoekayakbretagne.fr\/\"},{\"@type\":\"ListItem\",\"position\":2,\"name\":\"Tous dans le m\u00eame bateau contre les VSS : je parle, j&rsquo;agis !!!\"}]},{\"@type\":\"WebSite\",\"@id\":\"https:\/\/canoekayakbretagne.fr\/#website\",\"url\":\"https:\/\/canoekayakbretagne.fr\/\",\"name\":\"Comit\u00e9 R\u00e9gional de Bretagne de Cano\u00eb-Kayak - CRBCK\",\"description\":\"&quot;Les sports de pagaie, partout o\u00f9 il y a de l\u2019eau.&quot;\",\"publisher\":{\"@id\":\"https:\/\/canoekayakbretagne.fr\/#organization\"},\"potentialAction\":[{\"@type\":\"SearchAction\",\"target\":{\"@type\":\"EntryPoint\",\"urlTemplate\":\"https:\/\/canoekayakbretagne.fr\/?s={search_term_string}\"},\"query-input\":{\"@type\":\"PropertyValueSpecification\",\"valueRequired\":true,\"valueName\":\"search_term_string\"}}],\"inLanguage\":\"fr-FR\"},{\"@type\":\"Organization\",\"@id\":\"https:\/\/canoekayakbretagne.fr\/#organization\",\"name\":\"Comit\u00e9 R\u00e9gional de Bretagne de Cano\u00eb-Kayak - CRBCK\",\"url\":\"https:\/\/canoekayakbretagne.fr\/\",\"logo\":{\"@type\":\"ImageObject\",\"inLanguage\":\"fr-FR\",\"@id\":\"https:\/\/canoekayakbretagne.fr\/#\/schema\/logo\/image\/\",\"url\":\"https:\/\/canoekayakbretagne.fr\/wp-content\/uploads\/2022\/01\/cropped-LOGO_BRETAGNE_300x300.jpg\",\"contentUrl\":\"https:\/\/canoekayakbretagne.fr\/wp-content\/uploads\/2022\/01\/cropped-LOGO_BRETAGNE_300x300.jpg\",\"width\":300,\"height\":300,\"caption\":\"Comit\u00e9 R\u00e9gional de Bretagne de Cano\u00eb-Kayak - CRBCK\"},\"image\":{\"@id\":\"https:\/\/canoekayakbretagne.fr\/#\/schema\/logo\/image\/\"}},{\"@type\":\"Person\",\"@id\":\"https:\/\/canoekayakbretagne.fr\/#\/schema\/person\/fcf0d85f9eef0c443d2296a158592d19\",\"name\":\"crbck-admin\",\"image\":{\"@type\":\"ImageObject\",\"inLanguage\":\"fr-FR\",\"@id\":\"https:\/\/secure.gravatar.com\/avatar\/220ab290f4ae2c25509716868112ac9ae168474076bc0fba5205479667fb07a5?s=96&d=mm&r=g\",\"url\":\"https:\/\/secure.gravatar.com\/avatar\/220ab290f4ae2c25509716868112ac9ae168474076bc0fba5205479667fb07a5?s=96&d=mm&r=g\",\"contentUrl\":\"https:\/\/secure.gravatar.com\/avatar\/220ab290f4ae2c25509716868112ac9ae168474076bc0fba5205479667fb07a5?s=96&d=mm&r=g\",\"caption\":\"crbck-admin\"},\"url\":\"https:\/\/canoekayakbretagne.fr\/index.php\/author\/crbck-admin\/\"}]}<\/script>\n<!-- \/ Yoast SEO plugin. -->","yoast_head_json":{"title":"Tous dans le m\u00eame bateau contre les VSS : je parle, j'agis !!! - Comit\u00e9 R\u00e9gional de Bretagne de Cano\u00eb-Kayak - CRBCK","robots":{"index":"index","follow":"follow","max-snippet":"max-snippet:-1","max-image-preview":"max-image-preview:large","max-video-preview":"max-video-preview:-1"},"canonical":"https:\/\/canoekayakbretagne.fr\/index.php\/2025\/09\/08\/elementor-6732\/","og_locale":"fr_FR","og_type":"article","og_title":"Tous dans le m\u00eame bateau contre les VSS : je parle, j'agis !!! - Comit\u00e9 R\u00e9gional de Bretagne de Cano\u00eb-Kayak - CRBCK","og_description":"\u00c0 l\u2019heure o\u00f9 s\u2019ouvre une nouvelle saison sportive, le Comit\u00e9 R\u00e9gional de Bretagne de Cano\u00eb-Kayak (CRBCK) tient \u00e0 vous adresser","og_url":"https:\/\/canoekayakbretagne.fr\/index.php\/2025\/09\/08\/elementor-6732\/","og_site_name":"Comit\u00e9 R\u00e9gional de Bretagne de Cano\u00eb-Kayak - CRBCK","article_published_time":"2025-09-08T14:31:14+00:00","article_modified_time":"2026-04-21T20:45:43+00:00","author":"crbck-admin","twitter_card":"summary_large_image","twitter_misc":{"\u00c9crit par":"crbck-admin","Dur\u00e9e de lecture estim\u00e9e":"2 minutes"},"schema":{"@context":"https:\/\/schema.org","@graph":[{"@type":"Article","@id":"https:\/\/canoekayakbretagne.fr\/index.php\/2025\/09\/08\/elementor-6732\/#article","isPartOf":{"@id":"https:\/\/canoekayakbretagne.fr\/index.php\/2025\/09\/08\/elementor-6732\/"},"author":{"name":"crbck-admin","@id":"https:\/\/canoekayakbretagne.fr\/#\/schema\/person\/fcf0d85f9eef0c443d2296a158592d19"},"headline":"Tous dans le m\u00eame bateau contre les VSS : je parle, j&rsquo;agis !!!","datePublished":"2025-09-08T14:31:14+00:00","dateModified":"2026-04-21T20:45:43+00:00","mainEntityOfPage":{"@id":"https:\/\/canoekayakbretagne.fr\/index.php\/2025\/09\/08\/elementor-6732\/"},"wordCount":418,"publisher":{"@id":"https:\/\/canoekayakbretagne.fr\/#organization"},"articleSection":["Actualit\u00e9s du CRBCK","Stop violence"],"inLanguage":"fr-FR"},{"@type":"WebPage","@id":"https:\/\/canoekayakbretagne.fr\/index.php\/2025\/09\/08\/elementor-6732\/","url":"https:\/\/canoekayakbretagne.fr\/index.php\/2025\/09\/08\/elementor-6732\/","name":"Tous dans le m\u00eame bateau contre les VSS : je parle, j'agis !!! - Comit\u00e9 R\u00e9gional de Bretagne de Cano\u00eb-Kayak - CRBCK","isPartOf":{"@id":"https:\/\/canoekayakbretagne.fr\/#website"},"datePublished":"2025-09-08T14:31:14+00:00","dateModified":"2026-04-21T20:45:43+00:00","breadcrumb":{"@id":"https:\/\/canoekayakbretagne.fr\/index.php\/2025\/09\/08\/elementor-6732\/#breadcrumb"},"inLanguage":"fr-FR","potentialAction":[{"@type":"ReadAction","target":["https:\/\/canoekayakbretagne.fr\/index.php\/2025\/09\/08\/elementor-6732\/"]}]},{"@type":"BreadcrumbList","@id":"https:\/\/canoekayakbretagne.fr\/index.php\/2025\/09\/08\/elementor-6732\/#breadcrumb","itemListElement":[{"@type":"ListItem","position":1,"name":"Accueil","item":"https:\/\/canoekayakbretagne.fr\/"},{"@type":"ListItem","position":2,"name":"Tous dans le m\u00eame bateau contre les VSS : je parle, j&rsquo;agis !!!"}]},{"@type":"WebSite","@id":"https:\/\/canoekayakbretagne.fr\/#website","url":"https:\/\/canoekayakbretagne.fr\/","name":"Comit\u00e9 R\u00e9gional de Bretagne de Cano\u00eb-Kayak - CRBCK","description":"&quot;Les sports de pagaie, partout o\u00f9 il y a de l\u2019eau.&quot;","publisher":{"@id":"https:\/\/canoekayakbretagne.fr\/#organization"},"potentialAction":[{"@type":"SearchAction","target":{"@type":"EntryPoint","urlTemplate":"https:\/\/canoekayakbretagne.fr\/?s={search_term_string}"},"query-input":{"@type":"PropertyValueSpecification","valueRequired":true,"valueName":"search_term_string"}}],"inLanguage":"fr-FR"},{"@type":"Organization","@id":"https:\/\/canoekayakbretagne.fr\/#organization","name":"Comit\u00e9 R\u00e9gional de Bretagne de Cano\u00eb-Kayak - CRBCK","url":"https:\/\/canoekayakbretagne.fr\/","logo":{"@type":"ImageObject","inLanguage":"fr-FR","@id":"https:\/\/canoekayakbretagne.fr\/#\/schema\/logo\/image\/","url":"https:\/\/canoekayakbretagne.fr\/wp-content\/uploads\/2022\/01\/cropped-LOGO_BRETAGNE_300x300.jpg","contentUrl":"https:\/\/canoekayakbretagne.fr\/wp-content\/uploads\/2022\/01\/cropped-LOGO_BRETAGNE_300x300.jpg","width":300,"height":300,"caption":"Comit\u00e9 R\u00e9gional de Bretagne de Cano\u00eb-Kayak - CRBCK"},"image":{"@id":"https:\/\/canoekayakbretagne.fr\/#\/schema\/logo\/image\/"}},{"@type":"Person","@id":"https:\/\/canoekayakbretagne.fr\/#\/schema\/person\/fcf0d85f9eef0c443d2296a158592d19","name":"crbck-admin","image":{"@type":"ImageObject","inLanguage":"fr-FR","@id":"https:\/\/secure.gravatar.com\/avatar\/220ab290f4ae2c25509716868112ac9ae168474076bc0fba5205479667fb07a5?s=96&d=mm&r=g","url":"https:\/\/secure.gravatar.com\/avatar\/220ab290f4ae2c25509716868112ac9ae168474076bc0fba5205479667fb07a5?s=96&d=mm&r=g","contentUrl":"https:\/\/secure.gravatar.com\/avatar\/220ab290f4ae2c25509716868112ac9ae168474076bc0fba5205479667fb07a5?s=96&d=mm&r=g","caption":"crbck-admin"},"url":"https:\/\/canoekayakbretagne.fr\/index.php\/author\/crbck-admin\/"}]}},"jetpack_featured_media_url":"","_links":{"self":[{"href":"https:\/\/canoekayakbretagne.fr\/index.php\/wp-json\/wp\/v2\/posts\/6732","targetHints":{"allow":["GET"]}}],"collection":[{"href":"https:\/\/canoekayakbretagne.fr\/index.php\/wp-json\/wp\/v2\/posts"}],"about":[{"href":"https:\/\/canoekayakbretagne.fr\/index.php\/wp-json\/wp\/v2\/types\/post"}],"author":[{"embeddable":true,"href":"https:\/\/canoekayakbretagne.fr\/index.php\/wp-json\/wp\/v2\/users\/2"}],"replies":[{"embeddable":true,"href":"https:\/\/canoekayakbretagne.fr\/index.php\/wp-json\/wp\/v2\/comments?post=6732"}],"version-history":[{"count":7,"href":"https:\/\/canoekayakbretagne.fr\/index.php\/wp-json\/wp\/v2\/posts\/6732\/revisions"}],"predecessor-version":[{"id":6907,"href":"https:\/\/canoekayakbretagne.fr\/index.php\/wp-json\/wp\/v2\/posts\/6732\/revisions\/6907"}],"wp:attachment":[{"href":"https:\/\/canoekayakbretagne.fr\/index.php\/wp-json\/wp\/v2\/media?parent=6732"}],"wp:term":[{"taxonomy":"category","embeddable":true,"href":"https:\/\/canoekayakbretagne.fr\/index.php\/wp-json\/wp\/v2\/categories?post=6732"},{"taxonomy":"post_tag","embeddable":true,"href":"https:\/\/canoekayakbretagne.fr\/index.php\/wp-json\/wp\/v2\/tags?post=6732"}],"curies":[{"name":"wp","href":"https:\/\/api.w.org\/{rel}","templated":true}]}}