{"id":7782,"date":"2026-09-01T11:24:10","date_gmt":"2026-09-01T09:24:10","guid":{"rendered":"https:\/\/canoekayakbretagne.fr\/?p=7782"},"modified":"2026-09-01T11:37:47","modified_gmt":"2026-09-01T09:37:47","slug":"38eme-merathon-herve-paris-auray-dimanche-27-sept-2026","status":"publish","type":"post","link":"https:\/\/canoekayakbretagne.fr\/index.php\/2026\/09\/01\/38eme-merathon-herve-paris-auray-dimanche-27-sept-2026\/","title":{"rendered":"38\u00e8me M\u00e9rathon \u00ab\u00a0Herv\u00e9 PARIS\u00a0\u00bb &#8211; Auray &#8211; Dimanche 27 sept. 2026"},"content":{"rendered":"\t\t<div data-elementor-type=\"wp-post\" data-elementor-id=\"7782\" class=\"elementor elementor-7782\">\n\t\t\t\t\t\t<section class=\"elementor-section elementor-top-section elementor-element elementor-element-08b3f24 elementor-section-boxed elementor-section-height-default elementor-section-height-default\" data-id=\"08b3f24\" data-element_type=\"section\" data-e-type=\"section\">\n\t\t\t\t\t\t<div class=\"elementor-container elementor-column-gap-default\">\n\t\t\t\t\t<div class=\"elementor-column elementor-col-100 elementor-top-column elementor-element elementor-element-f1b26e9\" data-id=\"f1b26e9\" data-element_type=\"column\" data-e-type=\"column\">\n\t\t\t<div class=\"elementor-widget-wrap elementor-element-populated\">\n\t\t\t\t\t\t<div class=\"elementor-element elementor-element-e82d0f9 elementor-widget elementor-widget-image\" data-id=\"e82d0f9\" data-element_type=\"widget\" data-e-type=\"widget\" data-widget_type=\"image.default\">\n\t\t\t\t<div class=\"elementor-widget-container\">\n\t\t\t\t\t\t\t\t\t\t\t\t\t\t\t<img fetchpriority=\"high\" decoding=\"async\" width=\"725\" height=\"1024\" src=\"https:\/\/canoekayakbretagne.fr\/wp-content\/uploads\/2026\/09\/38-eme-MERATHON-HERVE-PARIS_page-0001-725x1024.jpg\" class=\"attachment-large size-large wp-image-7792\" alt=\"\" srcset=\"https:\/\/canoekayakbretagne.fr\/wp-content\/uploads\/2026\/09\/38-eme-MERATHON-HERVE-PARIS_page-0001-725x1024.jpg 725w, https:\/\/canoekayakbretagne.fr\/wp-content\/uploads\/2026\/09\/38-eme-MERATHON-HERVE-PARIS_page-0001-212x300.jpg 212w, https:\/\/canoekayakbretagne.fr\/wp-content\/uploads\/2026\/09\/38-eme-MERATHON-HERVE-PARIS_page-0001-768x1085.jpg 768w, https:\/\/canoekayakbretagne.fr\/wp-content\/uploads\/2026\/09\/38-eme-MERATHON-HERVE-PARIS_page-0001-1087x1536.jpg 1087w, https:\/\/canoekayakbretagne.fr\/wp-content\/uploads\/2026\/09\/38-eme-MERATHON-HERVE-PARIS_page-0001-600x848.jpg 600w, https:\/\/canoekayakbretagne.fr\/wp-content\/uploads\/2026\/09\/38-eme-MERATHON-HERVE-PARIS_page-0001.jpg 1241w\" sizes=\"(max-width: 725px) 100vw, 725px\" \/>\t\t\t\t\t\t\t\t\t\t\t\t\t\t\t<\/div>\n\t\t\t\t<\/div>\n\t\t\t\t<div class=\"elementor-element elementor-element-cb82a8d elementor-widget elementor-widget-text-editor\" data-id=\"cb82a8d\" data-element_type=\"widget\" data-e-type=\"widget\" data-widget_type=\"text-editor.default\">\n\t\t\t\t<div class=\"elementor-widget-container\">\n\t\t\t\t\t\t\t\t\t<p><span data-olk-copy-source=\"MessageBody\">Comme chaque ann\u00e9e, le CKC Auray organise son M\u00e9rathon : course entre Locmariaquer et Saint Goustan\u00a0 &#8211; 2 parcours (21 kms et 15 kms) et diverses embarcations possibles.<\/span><\/p><p>Si vous souhaitez participer \u00e0 cet \u00e9v\u00e9nement, vous pouvez vous inscrire directement en ligne via le lien suivant :\u00a0<span style=\"color: #0000ff;\"><strong><a id=\"anchor-41e82dea-773b-89ab-d1cf-349323065ab8\" style=\"color: #0000ff;\" title=\"https:\/\/www.kayakauray.fr\/merathon\/\" href=\"https:\/\/www.kayakauray.fr\/merathon\/\" target=\"_blank\" rel=\"noopener\" data-auth=\"NotApplicable\" data-linkindex=\"0\">https:\/\/www.kayakauray.fr\/merathon\/<\/a>\u00a0<\/strong><\/span><span style=\"color: #000000;\">puis sur <strong>inscription<\/strong> en bas de page. <\/span><\/p><p><span style=\"color: #000000;\">Important : cl\u00f4ture des inscriptions <strong>le 20\/09\/2026<\/strong>.<\/span><\/p><p>Ci-dessous les documents suivants :\u00a0<\/p><ul><li><strong><span style=\"color: #000000;\"><a style=\"color: #000000;\" href=\"https:\/\/canoekayakbretagne.fr\/wp-content\/uploads\/2026\/09\/merathon-2024-parcours.pdf\" target=\"_blank\" rel=\"noopener\">Parcours M\u00e9rathon<\/a><\/span><\/strong><\/li><li><strong><span style=\"color: #000000;\"><a style=\"color: #000000;\" href=\"https:\/\/canoekayakbretagne.fr\/wp-content\/uploads\/2026\/09\/REGLEMENT-2026-Merathon-V0.9.pdf\" target=\"_blank\" rel=\"noopener\">R\u00e8glement M\u00e9rathon<\/a><\/span><\/strong><\/li><\/ul>\t\t\t\t\t\t\t\t<\/div>\n\t\t\t\t<\/div>\n\t\t\t\t\t<\/div>\n\t\t<\/div>\n\t\t\t\t\t<\/div>\n\t\t<\/section>\n\t\t\t\t<\/div>\n\t\t","protected":false},"excerpt":{"rendered":"<p>Comme chaque ann\u00e9e, le CKC Auray organise son M\u00e9rathon : course entre Locmariaquer et Saint Goustan\u00a0 &#8211; 2 parcours (21<\/p>\n","protected":false},"author":2,"featured_media":0,"comment_status":"closed","ping_status":"closed","sticky":false,"template":"","format":"standard","meta":{"colormag_page_container_layout":"default_layout","colormag_page_sidebar_layout":"default_layout","footnotes":""},"categories":[57,38],"tags":[],"class_list":["post-7782","post","type-post","status-publish","format-standard","hentry","category-actualites-du-crbck","category-le-crbck"],"yoast_head":"<!-- This site is optimized with the Yoast SEO plugin v27.2 - https:\/\/yoast.com\/product\/yoast-seo-wordpress\/ -->\n<title>38\u00e8me M\u00e9rathon &quot;Herv\u00e9 PARIS&quot; - Auray - Dimanche 27 sept. 2026 - Comit\u00e9 R\u00e9gional de Bretagne de Cano\u00eb-Kayak - CRBCK<\/title>\n<meta name=\"robots\" content=\"index, follow, max-snippet:-1, max-image-preview:large, max-video-preview:-1\" \/>\n<link rel=\"canonical\" href=\"https:\/\/canoekayakbretagne.fr\/index.php\/2026\/09\/01\/38eme-merathon-herve-paris-auray-dimanche-27-sept-2026\/\" \/>\n<meta property=\"og:locale\" content=\"fr_FR\" \/>\n<meta property=\"og:type\" content=\"article\" \/>\n<meta property=\"og:title\" content=\"38\u00e8me M\u00e9rathon &quot;Herv\u00e9 PARIS&quot; - Auray - Dimanche 27 sept. 2026 - Comit\u00e9 R\u00e9gional de Bretagne de Cano\u00eb-Kayak - CRBCK\" \/>\n<meta property=\"og:description\" content=\"Comme chaque ann\u00e9e, le CKC Auray organise son M\u00e9rathon : course entre Locmariaquer et Saint Goustan\u00a0 &#8211; 2 parcours (21\" \/>\n<meta property=\"og:url\" content=\"https:\/\/canoekayakbretagne.fr\/index.php\/2026\/09\/01\/38eme-merathon-herve-paris-auray-dimanche-27-sept-2026\/\" \/>\n<meta property=\"og:site_name\" content=\"Comit\u00e9 R\u00e9gional de Bretagne de Cano\u00eb-Kayak - CRBCK\" \/>\n<meta property=\"article:published_time\" content=\"2026-09-01T09:24:10+00:00\" \/>\n<meta property=\"article:modified_time\" content=\"2026-09-01T09:37:47+00:00\" \/>\n<meta property=\"og:image\" content=\"https:\/\/canoekayakbretagne.fr\/wp-content\/uploads\/2026\/09\/38-eme-MERATHON-HERVE-PARIS_page-0001-725x1024.jpg\" \/>\n<meta name=\"author\" content=\"crbck-admin\" \/>\n<meta name=\"twitter:card\" content=\"summary_large_image\" \/>\n<meta name=\"twitter:label1\" content=\"\u00c9crit par\" \/>\n\t<meta name=\"twitter:data1\" content=\"crbck-admin\" \/>\n\t<meta name=\"twitter:label2\" content=\"Dur\u00e9e de lecture estim\u00e9e\" \/>\n\t<meta name=\"twitter:data2\" content=\"1 minute\" \/>\n<script type=\"application\/ld+json\" class=\"yoast-schema-graph\">{\"@context\":\"https:\/\/schema.org\",\"@graph\":[{\"@type\":\"Article\",\"@id\":\"https:\/\/canoekayakbretagne.fr\/index.php\/2026\/09\/01\/38eme-merathon-herve-paris-auray-dimanche-27-sept-2026\/#article\",\"isPartOf\":{\"@id\":\"https:\/\/canoekayakbretagne.fr\/index.php\/2026\/09\/01\/38eme-merathon-herve-paris-auray-dimanche-27-sept-2026\/\"},\"author\":{\"name\":\"crbck-admin\",\"@id\":\"https:\/\/canoekayakbretagne.fr\/#\/schema\/person\/fcf0d85f9eef0c443d2296a158592d19\"},\"headline\":\"38\u00e8me M\u00e9rathon \u00ab\u00a0Herv\u00e9 PARIS\u00a0\u00bb &#8211; Auray &#8211; Dimanche 27 sept. 2026\",\"datePublished\":\"2026-09-01T09:24:10+00:00\",\"dateModified\":\"2026-09-01T09:37:47+00:00\",\"mainEntityOfPage\":{\"@id\":\"https:\/\/canoekayakbretagne.fr\/index.php\/2026\/09\/01\/38eme-merathon-herve-paris-auray-dimanche-27-sept-2026\/\"},\"wordCount\":83,\"publisher\":{\"@id\":\"https:\/\/canoekayakbretagne.fr\/#organization\"},\"image\":{\"@id\":\"https:\/\/canoekayakbretagne.fr\/index.php\/2026\/09\/01\/38eme-merathon-herve-paris-auray-dimanche-27-sept-2026\/#primaryimage\"},\"thumbnailUrl\":\"https:\/\/canoekayakbretagne.fr\/wp-content\/uploads\/2026\/09\/38-eme-MERATHON-HERVE-PARIS_page-0001-725x1024.jpg\",\"articleSection\":[\"Actualit\u00e9s du CRBCK\",\"Le CRBCK\"],\"inLanguage\":\"fr-FR\"},{\"@type\":\"WebPage\",\"@id\":\"https:\/\/canoekayakbretagne.fr\/index.php\/2026\/09\/01\/38eme-merathon-herve-paris-auray-dimanche-27-sept-2026\/\",\"url\":\"https:\/\/canoekayakbretagne.fr\/index.php\/2026\/09\/01\/38eme-merathon-herve-paris-auray-dimanche-27-sept-2026\/\",\"name\":\"38\u00e8me M\u00e9rathon \\\"Herv\u00e9 PARIS\\\" - Auray - Dimanche 27 sept. 2026 - Comit\u00e9 R\u00e9gional de Bretagne de Cano\u00eb-Kayak - CRBCK\",\"isPartOf\":{\"@id\":\"https:\/\/canoekayakbretagne.fr\/#website\"},\"primaryImageOfPage\":{\"@id\":\"https:\/\/canoekayakbretagne.fr\/index.php\/2026\/09\/01\/38eme-merathon-herve-paris-auray-dimanche-27-sept-2026\/#primaryimage\"},\"image\":{\"@id\":\"https:\/\/canoekayakbretagne.fr\/index.php\/2026\/09\/01\/38eme-merathon-herve-paris-auray-dimanche-27-sept-2026\/#primaryimage\"},\"thumbnailUrl\":\"https:\/\/canoekayakbretagne.fr\/wp-content\/uploads\/2026\/09\/38-eme-MERATHON-HERVE-PARIS_page-0001-725x1024.jpg\",\"datePublished\":\"2026-09-01T09:24:10+00:00\",\"dateModified\":\"2026-09-01T09:37:47+00:00\",\"breadcrumb\":{\"@id\":\"https:\/\/canoekayakbretagne.fr\/index.php\/2026\/09\/01\/38eme-merathon-herve-paris-auray-dimanche-27-sept-2026\/#breadcrumb\"},\"inLanguage\":\"fr-FR\",\"potentialAction\":[{\"@type\":\"ReadAction\",\"target\":[\"https:\/\/canoekayakbretagne.fr\/index.php\/2026\/09\/01\/38eme-merathon-herve-paris-auray-dimanche-27-sept-2026\/\"]}]},{\"@type\":\"ImageObject\",\"inLanguage\":\"fr-FR\",\"@id\":\"https:\/\/canoekayakbretagne.fr\/index.php\/2026\/09\/01\/38eme-merathon-herve-paris-auray-dimanche-27-sept-2026\/#primaryimage\",\"url\":\"https:\/\/canoekayakbretagne.fr\/wp-content\/uploads\/2026\/09\/38-eme-MERATHON-HERVE-PARIS_page-0001.jpg\",\"contentUrl\":\"https:\/\/canoekayakbretagne.fr\/wp-content\/uploads\/2026\/09\/38-eme-MERATHON-HERVE-PARIS_page-0001.jpg\",\"width\":1241,\"height\":1754},{\"@type\":\"BreadcrumbList\",\"@id\":\"https:\/\/canoekayakbretagne.fr\/index.php\/2026\/09\/01\/38eme-merathon-herve-paris-auray-dimanche-27-sept-2026\/#breadcrumb\",\"itemListElement\":[{\"@type\":\"ListItem\",\"position\":1,\"name\":\"Accueil\",\"item\":\"https:\/\/canoekayakbretagne.fr\/\"},{\"@type\":\"ListItem\",\"position\":2,\"name\":\"38\u00e8me M\u00e9rathon \u00ab\u00a0Herv\u00e9 PARIS\u00a0\u00bb &#8211; Auray &#8211; Dimanche 27 sept. 2026\"}]},{\"@type\":\"WebSite\",\"@id\":\"https:\/\/canoekayakbretagne.fr\/#website\",\"url\":\"https:\/\/canoekayakbretagne.fr\/\",\"name\":\"Comit\u00e9 R\u00e9gional de Bretagne de Cano\u00eb-Kayak - CRBCK\",\"description\":\"&quot;Les sports de pagaie, partout o\u00f9 il y a de l\u2019eau.&quot;\",\"publisher\":{\"@id\":\"https:\/\/canoekayakbretagne.fr\/#organization\"},\"potentialAction\":[{\"@type\":\"SearchAction\",\"target\":{\"@type\":\"EntryPoint\",\"urlTemplate\":\"https:\/\/canoekayakbretagne.fr\/?s={search_term_string}\"},\"query-input\":{\"@type\":\"PropertyValueSpecification\",\"valueRequired\":true,\"valueName\":\"search_term_string\"}}],\"inLanguage\":\"fr-FR\"},{\"@type\":\"Organization\",\"@id\":\"https:\/\/canoekayakbretagne.fr\/#organization\",\"name\":\"Comit\u00e9 R\u00e9gional de Bretagne de Cano\u00eb-Kayak - CRBCK\",\"url\":\"https:\/\/canoekayakbretagne.fr\/\",\"logo\":{\"@type\":\"ImageObject\",\"inLanguage\":\"fr-FR\",\"@id\":\"https:\/\/canoekayakbretagne.fr\/#\/schema\/logo\/image\/\",\"url\":\"https:\/\/canoekayakbretagne.fr\/wp-content\/uploads\/2022\/01\/cropped-LOGO_BRETAGNE_300x300.jpg\",\"contentUrl\":\"https:\/\/canoekayakbretagne.fr\/wp-content\/uploads\/2022\/01\/cropped-LOGO_BRETAGNE_300x300.jpg\",\"width\":300,\"height\":300,\"caption\":\"Comit\u00e9 R\u00e9gional de Bretagne de Cano\u00eb-Kayak - CRBCK\"},\"image\":{\"@id\":\"https:\/\/canoekayakbretagne.fr\/#\/schema\/logo\/image\/\"}},{\"@type\":\"Person\",\"@id\":\"https:\/\/canoekayakbretagne.fr\/#\/schema\/person\/fcf0d85f9eef0c443d2296a158592d19\",\"name\":\"crbck-admin\",\"image\":{\"@type\":\"ImageObject\",\"inLanguage\":\"fr-FR\",\"@id\":\"https:\/\/secure.gravatar.com\/avatar\/220ab290f4ae2c25509716868112ac9ae168474076bc0fba5205479667fb07a5?s=96&d=mm&r=g\",\"url\":\"https:\/\/secure.gravatar.com\/avatar\/220ab290f4ae2c25509716868112ac9ae168474076bc0fba5205479667fb07a5?s=96&d=mm&r=g\",\"contentUrl\":\"https:\/\/secure.gravatar.com\/avatar\/220ab290f4ae2c25509716868112ac9ae168474076bc0fba5205479667fb07a5?s=96&d=mm&r=g\",\"caption\":\"crbck-admin\"},\"url\":\"https:\/\/canoekayakbretagne.fr\/index.php\/author\/crbck-admin\/\"}]}<\/script>\n<!-- \/ Yoast SEO plugin. -->","yoast_head_json":{"title":"38\u00e8me M\u00e9rathon \"Herv\u00e9 PARIS\" - Auray - Dimanche 27 sept. 2026 - Comit\u00e9 R\u00e9gional de Bretagne de Cano\u00eb-Kayak - CRBCK","robots":{"index":"index","follow":"follow","max-snippet":"max-snippet:-1","max-image-preview":"max-image-preview:large","max-video-preview":"max-video-preview:-1"},"canonical":"https:\/\/canoekayakbretagne.fr\/index.php\/2026\/09\/01\/38eme-merathon-herve-paris-auray-dimanche-27-sept-2026\/","og_locale":"fr_FR","og_type":"article","og_title":"38\u00e8me M\u00e9rathon \"Herv\u00e9 PARIS\" - Auray - Dimanche 27 sept. 2026 - Comit\u00e9 R\u00e9gional de Bretagne de Cano\u00eb-Kayak - CRBCK","og_description":"Comme chaque ann\u00e9e, le CKC Auray organise son M\u00e9rathon : course entre Locmariaquer et Saint Goustan\u00a0 &#8211; 2 parcours (21","og_url":"https:\/\/canoekayakbretagne.fr\/index.php\/2026\/09\/01\/38eme-merathon-herve-paris-auray-dimanche-27-sept-2026\/","og_site_name":"Comit\u00e9 R\u00e9gional de Bretagne de Cano\u00eb-Kayak - CRBCK","article_published_time":"2026-09-01T09:24:10+00:00","article_modified_time":"2026-09-01T09:37:47+00:00","og_image":[{"url":"https:\/\/canoekayakbretagne.fr\/wp-content\/uploads\/2026\/09\/38-eme-MERATHON-HERVE-PARIS_page-0001-725x1024.jpg","type":"","width":"","height":""}],"author":"crbck-admin","twitter_card":"summary_large_image","twitter_misc":{"\u00c9crit par":"crbck-admin","Dur\u00e9e de lecture estim\u00e9e":"1 minute"},"schema":{"@context":"https:\/\/schema.org","@graph":[{"@type":"Article","@id":"https:\/\/canoekayakbretagne.fr\/index.php\/2026\/09\/01\/38eme-merathon-herve-paris-auray-dimanche-27-sept-2026\/#article","isPartOf":{"@id":"https:\/\/canoekayakbretagne.fr\/index.php\/2026\/09\/01\/38eme-merathon-herve-paris-auray-dimanche-27-sept-2026\/"},"author":{"name":"crbck-admin","@id":"https:\/\/canoekayakbretagne.fr\/#\/schema\/person\/fcf0d85f9eef0c443d2296a158592d19"},"headline":"38\u00e8me M\u00e9rathon \u00ab\u00a0Herv\u00e9 PARIS\u00a0\u00bb &#8211; Auray &#8211; Dimanche 27 sept. 2026","datePublished":"2026-09-01T09:24:10+00:00","dateModified":"2026-09-01T09:37:47+00:00","mainEntityOfPage":{"@id":"https:\/\/canoekayakbretagne.fr\/index.php\/2026\/09\/01\/38eme-merathon-herve-paris-auray-dimanche-27-sept-2026\/"},"wordCount":83,"publisher":{"@id":"https:\/\/canoekayakbretagne.fr\/#organization"},"image":{"@id":"https:\/\/canoekayakbretagne.fr\/index.php\/2026\/09\/01\/38eme-merathon-herve-paris-auray-dimanche-27-sept-2026\/#primaryimage"},"thumbnailUrl":"https:\/\/canoekayakbretagne.fr\/wp-content\/uploads\/2026\/09\/38-eme-MERATHON-HERVE-PARIS_page-0001-725x1024.jpg","articleSection":["Actualit\u00e9s du CRBCK","Le CRBCK"],"inLanguage":"fr-FR"},{"@type":"WebPage","@id":"https:\/\/canoekayakbretagne.fr\/index.php\/2026\/09\/01\/38eme-merathon-herve-paris-auray-dimanche-27-sept-2026\/","url":"https:\/\/canoekayakbretagne.fr\/index.php\/2026\/09\/01\/38eme-merathon-herve-paris-auray-dimanche-27-sept-2026\/","name":"38\u00e8me M\u00e9rathon \"Herv\u00e9 PARIS\" - Auray - Dimanche 27 sept. 2026 - Comit\u00e9 R\u00e9gional de Bretagne de Cano\u00eb-Kayak - CRBCK","isPartOf":{"@id":"https:\/\/canoekayakbretagne.fr\/#website"},"primaryImageOfPage":{"@id":"https:\/\/canoekayakbretagne.fr\/index.php\/2026\/09\/01\/38eme-merathon-herve-paris-auray-dimanche-27-sept-2026\/#primaryimage"},"image":{"@id":"https:\/\/canoekayakbretagne.fr\/index.php\/2026\/09\/01\/38eme-merathon-herve-paris-auray-dimanche-27-sept-2026\/#primaryimage"},"thumbnailUrl":"https:\/\/canoekayakbretagne.fr\/wp-content\/uploads\/2026\/09\/38-eme-MERATHON-HERVE-PARIS_page-0001-725x1024.jpg","datePublished":"2026-09-01T09:24:10+00:00","dateModified":"2026-09-01T09:37:47+00:00","breadcrumb":{"@id":"https:\/\/canoekayakbretagne.fr\/index.php\/2026\/09\/01\/38eme-merathon-herve-paris-auray-dimanche-27-sept-2026\/#breadcrumb"},"inLanguage":"fr-FR","potentialAction":[{"@type":"ReadAction","target":["https:\/\/canoekayakbretagne.fr\/index.php\/2026\/09\/01\/38eme-merathon-herve-paris-auray-dimanche-27-sept-2026\/"]}]},{"@type":"ImageObject","inLanguage":"fr-FR","@id":"https:\/\/canoekayakbretagne.fr\/index.php\/2026\/09\/01\/38eme-merathon-herve-paris-auray-dimanche-27-sept-2026\/#primaryimage","url":"https:\/\/canoekayakbretagne.fr\/wp-content\/uploads\/2026\/09\/38-eme-MERATHON-HERVE-PARIS_page-0001.jpg","contentUrl":"https:\/\/canoekayakbretagne.fr\/wp-content\/uploads\/2026\/09\/38-eme-MERATHON-HERVE-PARIS_page-0001.jpg","width":1241,"height":1754},{"@type":"BreadcrumbList","@id":"https:\/\/canoekayakbretagne.fr\/index.php\/2026\/09\/01\/38eme-merathon-herve-paris-auray-dimanche-27-sept-2026\/#breadcrumb","itemListElement":[{"@type":"ListItem","position":1,"name":"Accueil","item":"https:\/\/canoekayakbretagne.fr\/"},{"@type":"ListItem","position":2,"name":"38\u00e8me M\u00e9rathon \u00ab\u00a0Herv\u00e9 PARIS\u00a0\u00bb &#8211; Auray &#8211; Dimanche 27 sept. 2026"}]},{"@type":"WebSite","@id":"https:\/\/canoekayakbretagne.fr\/#website","url":"https:\/\/canoekayakbretagne.fr\/","name":"Comit\u00e9 R\u00e9gional de Bretagne de Cano\u00eb-Kayak - CRBCK","description":"&quot;Les sports de pagaie, partout o\u00f9 il y a de l\u2019eau.&quot;","publisher":{"@id":"https:\/\/canoekayakbretagne.fr\/#organization"},"potentialAction":[{"@type":"SearchAction","target":{"@type":"EntryPoint","urlTemplate":"https:\/\/canoekayakbretagne.fr\/?s={search_term_string}"},"query-input":{"@type":"PropertyValueSpecification","valueRequired":true,"valueName":"search_term_string"}}],"inLanguage":"fr-FR"},{"@type":"Organization","@id":"https:\/\/canoekayakbretagne.fr\/#organization","name":"Comit\u00e9 R\u00e9gional de Bretagne de Cano\u00eb-Kayak - CRBCK","url":"https:\/\/canoekayakbretagne.fr\/","logo":{"@type":"ImageObject","inLanguage":"fr-FR","@id":"https:\/\/canoekayakbretagne.fr\/#\/schema\/logo\/image\/","url":"https:\/\/canoekayakbretagne.fr\/wp-content\/uploads\/2022\/01\/cropped-LOGO_BRETAGNE_300x300.jpg","contentUrl":"https:\/\/canoekayakbretagne.fr\/wp-content\/uploads\/2022\/01\/cropped-LOGO_BRETAGNE_300x300.jpg","width":300,"height":300,"caption":"Comit\u00e9 R\u00e9gional de Bretagne de Cano\u00eb-Kayak - CRBCK"},"image":{"@id":"https:\/\/canoekayakbretagne.fr\/#\/schema\/logo\/image\/"}},{"@type":"Person","@id":"https:\/\/canoekayakbretagne.fr\/#\/schema\/person\/fcf0d85f9eef0c443d2296a158592d19","name":"crbck-admin","image":{"@type":"ImageObject","inLanguage":"fr-FR","@id":"https:\/\/secure.gravatar.com\/avatar\/220ab290f4ae2c25509716868112ac9ae168474076bc0fba5205479667fb07a5?s=96&d=mm&r=g","url":"https:\/\/secure.gravatar.com\/avatar\/220ab290f4ae2c25509716868112ac9ae168474076bc0fba5205479667fb07a5?s=96&d=mm&r=g","contentUrl":"https:\/\/secure.gravatar.com\/avatar\/220ab290f4ae2c25509716868112ac9ae168474076bc0fba5205479667fb07a5?s=96&d=mm&r=g","caption":"crbck-admin"},"url":"https:\/\/canoekayakbretagne.fr\/index.php\/author\/crbck-admin\/"}]}},"jetpack_featured_media_url":"","_links":{"self":[{"href":"https:\/\/canoekayakbretagne.fr\/index.php\/wp-json\/wp\/v2\/posts\/7782","targetHints":{"allow":["GET"]}}],"collection":[{"href":"https:\/\/canoekayakbretagne.fr\/index.php\/wp-json\/wp\/v2\/posts"}],"about":[{"href":"https:\/\/canoekayakbretagne.fr\/index.php\/wp-json\/wp\/v2\/types\/post"}],"author":[{"embeddable":true,"href":"https:\/\/canoekayakbretagne.fr\/index.php\/wp-json\/wp\/v2\/users\/2"}],"replies":[{"embeddable":true,"href":"https:\/\/canoekayakbretagne.fr\/index.php\/wp-json\/wp\/v2\/comments?post=7782"}],"version-history":[{"count":12,"href":"https:\/\/canoekayakbretagne.fr\/index.php\/wp-json\/wp\/v2\/posts\/7782\/revisions"}],"predecessor-version":[{"id":7798,"href":"https:\/\/canoekayakbretagne.fr\/index.php\/wp-json\/wp\/v2\/posts\/7782\/revisions\/7798"}],"wp:attachment":[{"href":"https:\/\/canoekayakbretagne.fr\/index.php\/wp-json\/wp\/v2\/media?parent=7782"}],"wp:term":[{"taxonomy":"category","embeddable":true,"href":"https:\/\/canoekayakbretagne.fr\/index.php\/wp-json\/wp\/v2\/categories?post=7782"},{"taxonomy":"post_tag","embeddable":true,"href":"https:\/\/canoekayakbretagne.fr\/index.php\/wp-json\/wp\/v2\/tags?post=7782"}],"curies":[{"name":"wp","href":"https:\/\/api.w.org\/{rel}","templated":true}]}}